{"id":876,"date":"2017-09-19T12:55:28","date_gmt":"2017-09-19T10:55:28","guid":{"rendered":"https:\/\/bayernedu.wordpress.com\/?p=876"},"modified":"2017-09-19T12:55:28","modified_gmt":"2017-09-19T10:55:28","slug":"die-diskussion-um-digitalen-unterricht-eine-uebersicht-ein-muss-fuer-interessierte","status":"publish","type":"post","link":"https:\/\/bayernedu.net\/index.php\/2017\/09\/19\/die-diskussion-um-digitalen-unterricht-eine-uebersicht-ein-muss-fuer-interessierte\/","title":{"rendered":"Die Diskussion um digitalen Unterricht: eine \u00dcbersicht &#8211; ein Muss f\u00fcr Interessierte"},"content":{"rendered":"<p>Die Diskussion, inwieweit das Digitale Einzug in den schulischen Alltag halten muss, ist so alt, wie es digitale Endger\u00e4te gibt. Umso wichtiger ist es, den \u00dcberblick zu behalten. Den besten, den ich bislang in der Materie gefunden habe, bietet einer der meiner Meinung nach besten Experten im Bereich Digitale Bildung: <a href=\"https:\/\/beat.doebe.li\/\" target=\"_blank\" rel=\"noopener\">Beat D\u00f6beli Honegger<\/a>.<\/p>\n<p>Sein systematischer \u00dcberblick \u00fcber die Argumentation gegen das Digitale in der Schule ist f\u00fcr mich State-Of-the-Art und mir diesen Blogpost wert!<\/p>\n<p>Alles Weitere unter dem folgenden Link:<\/p>\n<p>http:\/\/www.mehrals0und1.ch\/Argumente<\/p>\n<p>&nbsp;<\/p>\n","protected":false},"excerpt":{"rendered":"<p>Die Diskussion, inwieweit das Digitale Einzug in den schulischen Alltag halten muss, ist so alt, wie es digitale Endger\u00e4te gibt. Umso wichtiger ist es, den \u00dcberblick zu behalten. Den besten, den ich bislang in der Materie gefunden habe, bietet einer der meiner Meinung nach besten Experten im Bereich Digitale Bildung: [&hellip;]<\/p>\n","protected":false},"author":2,"featured_media":0,"comment_status":"open","ping_status":"open","sticky":false,"template":"","format":"standard","meta":{"footnotes":""},"categories":[2,4,8],"tags":[],"class_list":["post-876","post","type-post","status-publish","format-standard","hentry","category-allgemein","category-digitalisierung","category-medienkompetenz"],"_links":{"self":[{"href":"https:\/\/bayernedu.net\/index.php\/wp-json\/wp\/v2\/posts\/876","targetHints":{"allow":["GET"]}}],"collection":[{"href":"https:\/\/bayernedu.net\/index.php\/wp-json\/wp\/v2\/posts"}],"about":[{"href":"https:\/\/bayernedu.net\/index.php\/wp-json\/wp\/v2\/types\/post"}],"author":[{"embeddable":true,"href":"https:\/\/bayernedu.net\/index.php\/wp-json\/wp\/v2\/users\/2"}],"replies":[{"embeddable":true,"href":"https:\/\/bayernedu.net\/index.php\/wp-json\/wp\/v2\/comments?post=876"}],"version-history":[{"count":0,"href":"https:\/\/bayernedu.net\/index.php\/wp-json\/wp\/v2\/posts\/876\/revisions"}],"wp:attachment":[{"href":"https:\/\/bayernedu.net\/index.php\/wp-json\/wp\/v2\/media?parent=876"}],"wp:term":[{"taxonomy":"category","embeddable":true,"href":"https:\/\/bayernedu.net\/index.php\/wp-json\/wp\/v2\/categories?post=876"},{"taxonomy":"post_tag","embeddable":true,"href":"https:\/\/bayernedu.net\/index.php\/wp-json\/wp\/v2\/tags?post=876"}],"curies":[{"name":"wp","href":"https:\/\/api.w.org\/{rel}","templated":true}]}}