{"id":835,"date":"2017-09-16T22:20:04","date_gmt":"2017-09-16T20:20:04","guid":{"rendered":"https:\/\/bayernedu.wordpress.com\/?p=835"},"modified":"2017-09-16T22:20:04","modified_gmt":"2017-09-16T20:20:04","slug":"auf-die-vernetzung-kommt-es-an-starkes-bekenntnis-zur-digitalen-bildung-beim-deutschen-lehrerforum","status":"publish","type":"post","link":"https:\/\/bayernedu.net\/index.php\/2017\/09\/16\/auf-die-vernetzung-kommt-es-an-starkes-bekenntnis-zur-digitalen-bildung-beim-deutschen-lehrerforum\/","title":{"rendered":"&#8222;Auf die Vernetzung kommt es an&#8220; &#8211; Starkes Bekenntnis zur Digitalen Bildung beim Deutschen Lehrerforum"},"content":{"rendered":"<p>Unter dem Rahmenthema <a href=\"https:\/\/deutsches-lehrerforum.de\/\" target=\"_blank\" rel=\"noopener\">&#8222;Schule im digitalen Zeitalter&#8220;<\/a> trafen sich vom 14.09. &#8211; 16.09. \u00fcber 80 Lehrkr\u00e4fte, Referendare und andere Bildungsplayer in K\u00f6nigswinter um bundesland\u00fcbergreifend \u00fcber den aktuellen Stand der digitalen Bildung auszutauschen. Erfreulicherweise durften auch drei Teilnehmer unserer #BayernEdu-Community die hochkar\u00e4tige Veranstaltung mitgestalten. In einem praktisch orientierten Workshop unter dem Titel <a href=\"https:\/\/drive.google.com\/file\/d\/0B_njk6N652BFUXJzRUtmOEJ4SGc\/view\" target=\"_blank\" rel=\"noopener\">&#8222;Breakout &#8211; Der Escape-Room f\u00fcr den Klassenraum&#8220;<\/a> konnte unser Potsdamer Mitstreiter <a href=\"https:\/\/twitter.com\/swarzste\" target=\"_blank\" rel=\"noopener\">Stefan Schwarz<\/a> mit seiner Kollegin Juliane Eisinger viele Teilnehmer aktivieren und f\u00fcr die handlungsorientierte Methode begeistern. <a href=\"https:\/\/twitter.com\/roesch_real\" target=\"_blank\" rel=\"noopener\">Georg R\u00f6sch<\/a> bot auf seiner ersten Fortbildung als fertige Lehrkraft im Rahmen des Barcamps gleich einen eigenen Beitrag zur interaktiven Videoproduktion mit H5P an. \u00dcber den <a href=\"https:\/\/bayernedu.wordpress.com\/2017\/09\/05\/aufzeichnung-webinar-geisteswissenschaft-4-0-deutsch-und-geschichte-digital-unterrichten\/\" target=\"_blank\" rel=\"noopener\">digitalen Deutsch- und Geschichtsunterricht<\/a> sowie das Referendarausbildungskonzept <a href=\"https:\/\/bayernedu.wordpress.com\/2017\/07\/10\/digitale-bildung-im-seminar-ab-dem-naechsten-schuljahr-gehts-los\/\">DiBiS<\/a> referierte ich selbst \u00a0in zwei unterschiedlichen Slots. Ebenso nahmen wir beiden Franken an einer <a href=\"http:\/\/ondemand-mp3.dradio.de\/file\/dradio\/2017\/09\/15\/dt_lehrerforum_tagt_in_bomn_zur_digitalisierung_an_schulen_dlf_20170915_1436_e7e37290.mp3\" target=\"_blank\" rel=\"noopener\">Diskussionsrunde beim Bildungsradio DLF Bildung<\/a> teil. An dieser Stelle m\u00f6chten wir uns ganz herzlich f\u00fcr das Engagement, die konstruktiven Nachfragen und das Interesse bei allen Teilnehmern bedanken. Toll, wenn man so ein ehrliches und wertiges Feedback bekommt.<\/p>\n<p>Was aber gibt es nun Neues in Sachen Digitalisierung an deutschen Schulen? Als Erstes w\u00e4re zu nennen, dass der Digitalpakt laut Herrn Dr. Luther von BMBF kommen wird, aber die &#8222;Etatreife&#8220; noch fehlt. Somit befindet sich dieses ma\u00dfgebliche Projekt wohl ungef\u00e4hr in der zeitliche Mitte seiner wahrscheinlichen Realisierung seit Ideengeburt. Immerhin, ein Signal. Au\u00dferdem sind leider immer noch (nur) Basictools bei den Lehrern nachgefragt, was wohl daran liegt, dass fehlendes WLAN recht fl\u00e4chendeckend vorherrscht und zu wenig Lehrerfortbildung angeboten wird. Das Deutsche Lehrerforum m\u00f6chte daher mit einem gemeinsamen Positionspapier an diesen wunden Punkten ansetzen. Eine begr\u00fc\u00dfenswerte Initiative, die trotz der vorherrschenden Heterogenit\u00e4t aller Beteiligten breiteste Zustimmung fand. Als drittes &#8211; gerade f\u00fcr uns Twitteratis &#8211; wichtigstes Ergebnis kann festgehalten werden, dass die Vernetzung durch derartige Pr\u00e4senzveranstaltungen deutlich vorangebracht werden kann. Zahlreiche Side-Off-Gespr\u00e4che bereicherten die drei Tage auf der pittoresken Hirschburg immens und werden unser Netzwerk weiter wachsen lassen. Darauf freuen wir uns am meisten. Insofern vielen Dank an die ausrichtenden Stiftungen f\u00fcr die Bereitstellung dieser tollen Plattform. Es ist an uns Lehrkr\u00e4ften, unsere digitalen Ziele zu erreichen!<\/p>\n<p>Einen weiteren R\u00fcckblick zum Deutschen Lehrerforum gibt es auch bei meiner <a href=\"http:\/\/tollerunterricht.com\/2017\/09\/17\/deutsches-lehrerforum-2017-rueckblick\/\" target=\"_blank\" rel=\"noopener\">Twitter-Kollegin Nina Toller<\/a>.\u00a0Lesenswert!<\/p>\n\n\t\t<style type=\"text\/css\">\n\t\t\t#gallery-1 {\n\t\t\t\tmargin: auto;\n\t\t\t}\n\t\t\t#gallery-1 .gallery-item {\n\t\t\t\tfloat: left;\n\t\t\t\tmargin-top: 10px;\n\t\t\t\ttext-align: center;\n\t\t\t\twidth: 33%;\n\t\t\t}\n\t\t\t#gallery-1 img {\n\t\t\t\tborder: 2px solid #cfcfcf;\n\t\t\t}\n\t\t\t#gallery-1 .gallery-caption {\n\t\t\t\tmargin-left: 0;\n\t\t\t}\n\t\t\t\/* see gallery_shortcode() in wp-includes\/media.php *\/\n\t\t<\/style>\n\t\t<div id='gallery-1' class='gallery galleryid-835 gallery-columns-3 gallery-size-thumbnail'><dl class='gallery-item'>\n\t\t\t<dt class='gallery-icon landscape'>\n\t\t\t\t<a href='https:\/\/bayernedu.net\/index.php\/2017\/09\/16\/auf-die-vernetzung-kommt-es-an-starkes-bekenntnis-zur-digitalen-bildung-beim-deutschen-lehrerforum\/img_2181\/'><img loading=\"lazy\" decoding=\"async\" width=\"150\" height=\"150\" src=\"https:\/\/bayernedu.net\/wp-content\/uploads\/2017\/09\/img_2181-150x150.jpg\" class=\"attachment-thumbnail size-thumbnail\" alt=\"\" srcset=\"https:\/\/bayernedu.net\/wp-content\/uploads\/2017\/09\/img_2181-150x150.jpg 150w, https:\/\/bayernedu.net\/wp-content\/uploads\/2017\/09\/img_2181-100x100.jpg 100w\" sizes=\"auto, (max-width: 150px) 100vw, 150px\" \/><\/a>\n\t\t\t<\/dt><\/dl><dl class='gallery-item'>\n\t\t\t<dt class='gallery-icon landscape'>\n\t\t\t\t<a href='https:\/\/bayernedu.net\/index.php\/2017\/09\/05\/aufzeichnung-webinar-geisteswissenschaft-4-0-deutsch-und-geschichte-digital-unterrichten\/logo-deutsches-lehrerforum\/'><img loading=\"lazy\" decoding=\"async\" width=\"150\" height=\"150\" src=\"https:\/\/bayernedu.net\/wp-content\/uploads\/2017\/09\/logo-deutsches-lehrerforum-150x150.jpg\" class=\"attachment-thumbnail size-thumbnail\" alt=\"\" srcset=\"https:\/\/bayernedu.net\/wp-content\/uploads\/2017\/09\/logo-deutsches-lehrerforum-150x150.jpg 150w, https:\/\/bayernedu.net\/wp-content\/uploads\/2017\/09\/logo-deutsches-lehrerforum-100x100.jpg 100w\" sizes=\"auto, (max-width: 150px) 100vw, 150px\" \/><\/a>\n\t\t\t<\/dt><\/dl><dl class='gallery-item'>\n\t\t\t<dt class='gallery-icon landscape'>\n\t\t\t\t<a href='https:\/\/bayernedu.net\/index.php\/2017\/09\/16\/auf-die-vernetzung-kommt-es-an-starkes-bekenntnis-zur-digitalen-bildung-beim-deutschen-lehrerforum\/img_2176\/'><img loading=\"lazy\" decoding=\"async\" width=\"150\" height=\"150\" src=\"https:\/\/bayernedu.net\/wp-content\/uploads\/2017\/09\/img_2176-150x150.jpg\" class=\"attachment-thumbnail size-thumbnail\" alt=\"\" srcset=\"https:\/\/bayernedu.net\/wp-content\/uploads\/2017\/09\/img_2176-150x150.jpg 150w, https:\/\/bayernedu.net\/wp-content\/uploads\/2017\/09\/img_2176-100x100.jpg 100w\" sizes=\"auto, (max-width: 150px) 100vw, 150px\" \/><\/a>\n\t\t\t<\/dt><\/dl><br style=\"clear: both\" \/><dl class='gallery-item'>\n\t\t\t<dt class='gallery-icon landscape'>\n\t\t\t\t<a href='https:\/\/bayernedu.net\/index.php\/2017\/09\/16\/auf-die-vernetzung-kommt-es-an-starkes-bekenntnis-zur-digitalen-bildung-beim-deutschen-lehrerforum\/img_2193\/'><img loading=\"lazy\" decoding=\"async\" width=\"150\" height=\"150\" src=\"https:\/\/bayernedu.net\/wp-content\/uploads\/2017\/09\/img_2193-150x150.jpg\" class=\"attachment-thumbnail size-thumbnail\" alt=\"\" srcset=\"https:\/\/bayernedu.net\/wp-content\/uploads\/2017\/09\/img_2193-150x150.jpg 150w, https:\/\/bayernedu.net\/wp-content\/uploads\/2017\/09\/img_2193-100x100.jpg 100w\" sizes=\"auto, (max-width: 150px) 100vw, 150px\" \/><\/a>\n\t\t\t<\/dt><\/dl><dl class='gallery-item'>\n\t\t\t<dt class='gallery-icon portrait'>\n\t\t\t\t<a href='https:\/\/bayernedu.net\/index.php\/2017\/09\/16\/auf-die-vernetzung-kommt-es-an-starkes-bekenntnis-zur-digitalen-bildung-beim-deutschen-lehrerforum\/img_5153\/'><img loading=\"lazy\" decoding=\"async\" width=\"150\" height=\"150\" src=\"https:\/\/bayernedu.net\/wp-content\/uploads\/2017\/09\/img_51531-150x150.jpg\" class=\"attachment-thumbnail size-thumbnail\" alt=\"\" srcset=\"https:\/\/bayernedu.net\/wp-content\/uploads\/2017\/09\/img_51531-150x150.jpg 150w, https:\/\/bayernedu.net\/wp-content\/uploads\/2017\/09\/img_51531-100x100.jpg 100w\" sizes=\"auto, (max-width: 150px) 100vw, 150px\" \/><\/a>\n\t\t\t<\/dt><\/dl>\n\t\t\t<br style='clear: both' \/>\n\t\t<\/div>\n\n<p>&nbsp;<\/p>\n","protected":false},"excerpt":{"rendered":"<p>Unter dem Rahmenthema &#8222;Schule im digitalen Zeitalter&#8220; trafen sich vom 14.09. &#8211; 16.09. \u00fcber 80 Lehrkr\u00e4fte, Referendare und andere Bildungsplayer in K\u00f6nigswinter um bundesland\u00fcbergreifend \u00fcber den aktuellen Stand der digitalen Bildung auszutauschen. Erfreulicherweise durften auch drei Teilnehmer unserer #BayernEdu-Community die hochkar\u00e4tige Veranstaltung mitgestalten. In einem praktisch orientierten Workshop unter dem [&hellip;]<\/p>\n","protected":false},"author":4,"featured_media":852,"comment_status":"open","ping_status":"open","sticky":false,"template":"","format":"standard","meta":{"footnotes":""},"categories":[2],"tags":[],"class_list":["post-835","post","type-post","status-publish","format-standard","has-post-thumbnail","hentry","category-allgemein"],"_links":{"self":[{"href":"https:\/\/bayernedu.net\/index.php\/wp-json\/wp\/v2\/posts\/835","targetHints":{"allow":["GET"]}}],"collection":[{"href":"https:\/\/bayernedu.net\/index.php\/wp-json\/wp\/v2\/posts"}],"about":[{"href":"https:\/\/bayernedu.net\/index.php\/wp-json\/wp\/v2\/types\/post"}],"author":[{"embeddable":true,"href":"https:\/\/bayernedu.net\/index.php\/wp-json\/wp\/v2\/users\/4"}],"replies":[{"embeddable":true,"href":"https:\/\/bayernedu.net\/index.php\/wp-json\/wp\/v2\/comments?post=835"}],"version-history":[{"count":0,"href":"https:\/\/bayernedu.net\/index.php\/wp-json\/wp\/v2\/posts\/835\/revisions"}],"wp:featuredmedia":[{"embeddable":true,"href":"https:\/\/bayernedu.net\/index.php\/wp-json\/wp\/v2\/media\/852"}],"wp:attachment":[{"href":"https:\/\/bayernedu.net\/index.php\/wp-json\/wp\/v2\/media?parent=835"}],"wp:term":[{"taxonomy":"category","embeddable":true,"href":"https:\/\/bayernedu.net\/index.php\/wp-json\/wp\/v2\/categories?post=835"},{"taxonomy":"post_tag","embeddable":true,"href":"https:\/\/bayernedu.net\/index.php\/wp-json\/wp\/v2\/tags?post=835"}],"curies":[{"name":"wp","href":"https:\/\/api.w.org\/{rel}","templated":true}]}}